{"id":2053,"date":"2014-02-18T11:59:24","date_gmt":"2014-02-18T10:59:24","guid":{"rendered":"http:\/\/vicorob.udg.edu\/?p=2053"},"modified":"2014-02-18T11:59:24","modified_gmt":"2014-02-18T10:59:24","slug":"lescola-politecnica-superior-celebra-avui-el-seu-40e-aniversari","status":"publish","type":"post","link":"https:\/\/vicorob.udg.edu\/ca\/lescola-politecnica-superior-celebra-avui-el-seu-40e-aniversari\/","title":{"rendered":"L&#8217;Escola Polit\u00e8cnica Superior celebra avui el seu 40\u00e8 aniversari"},"content":{"rendered":"<p>L&#8217;Escola Polit\u00e8cnica Superior (EPS) de la Universitat de Girona acollir\u00e0 el 18 de febrer l&#8217;acte de commemoraci\u00f3 del 40\u00e8 aniversari dels estudis polit\u00e8cnics a la ciutat. L&#8217;acte, previst a les 6 de la tarda, comptar\u00e0 amb la pres\u00e8ncia del conseller d&#8217;Empresa i Ocupaci\u00f3, Felip Puig; del rector, Sergi Bonet; de l&#8217;alcalde de Girona, Carles Puigdemont; de la presidenta del Consell Social, Rosa N\u00faria Aleixandre; del director de l&#8217;EPS, Joaquim Salvi; i del president del Patronat de l&#8217;EPS, Jaume Juher.<\/p>\n<p>&nbsp;<\/p>\n<p>En el decurs de l&#8217;acte commemoratiu es presentar\u00e0 el llibre editat amb motiu d&#8217;aquests 40 anys de l&#8217;EPS, a c\u00e0rrec del Jaume Vilalta, periodista i presentador del programa &#8220;Qu\u00e8, qui, com?&#8221; de TV3. Tamb\u00e9 es projectar\u00e0 un v\u00eddeo coprodu\u00eft per l&#8217;EPS i el seu Patronat, i es lliurar\u00e0 la medalla de la Universitat de Girona al Dr. Josep Arnau Figuerola, primer director de l&#8217;Escola.<\/p>\n<p>&nbsp;<\/p>\n<p>ViCOROB i la EPS sempre han anat de la m\u00e0 i han crescut junts, per aix\u00f2, \u00e9s un orgull per a nosaltres celebrar amb ells aquest 40\u00e8 aniversari, PER MOLTS ANYS!!!!<\/p>\n<p>&nbsp;<\/p>\n<p><a href=\"http:\/\/www.udg.edu\/Noticiesiagenda\/Reculldenoticies\/tabid\/2575\/p\/35801\/language\/ca-ES\/Default.aspxhttp:\/\/\" target=\"_blank\" rel=\"noopener\">M\u00e9s informaci\u00f3<\/a><\/p>\n","protected":false},"excerpt":{"rendered":"<p>L&#8217;Escola Polit\u00e8cnica Superior (EPS) de la Universitat de Girona acollir\u00e0 el 18 de febrer l&#8217;acte de commemoraci\u00f3 del 40\u00e8 aniversari dels estudis polit\u00e8cnics a la ciutat. L&#8217;acte, previst a les 6 de la tarda, comptar\u00e0 amb la pres\u00e8ncia del conseller d&#8217;Empresa i Ocupaci\u00f3, Felip Puig; del rector, Sergi Bonet; de l&#8217;alcalde de Girona, Carles Puigdemont;&hellip;&nbsp;<a href=\"https:\/\/vicorob.udg.edu\/ca\/lescola-politecnica-superior-celebra-avui-el-seu-40e-aniversari\/\" rel=\"bookmark\"><span class=\"screen-reader-text\">L&#8217;Escola Polit\u00e8cnica Superior celebra avui el seu 40\u00e8 aniversari<\/span><\/a><\/p>\n","protected":false},"author":1,"featured_media":9106,"comment_status":"open","ping_status":"open","sticky":false,"template":"","format":"standard","meta":{"_acf_changed":false,"neve_meta_sidebar":"","neve_meta_container":"","neve_meta_enable_content_width":"","neve_meta_content_width":0,"neve_meta_title_alignment":"","neve_meta_author_avatar":"","neve_post_elements_order":"","neve_meta_disable_header":"","neve_meta_disable_footer":"","neve_meta_disable_title":"","footnotes":""},"categories":[12],"tags":[49,50],"class_list":["post-2053","post","type-post","status-publish","format-standard","has-post-thumbnail","hentry","category-news","tag-politecnica","tag-udgeps"],"acf":[],"yoast_head":"<!-- This site is optimized with the Yoast SEO plugin v25.9 - https:\/\/yoast.com\/wordpress\/plugins\/seo\/ -->\n<title>L&#039;Escola Polit\u00e8cnica Superior celebra avui el seu 40\u00e8 aniversari - Vicorob<\/title>\n<meta name=\"robots\" content=\"index, follow, max-snippet:-1, max-image-preview:large, max-video-preview:-1\" \/>\n<link rel=\"canonical\" href=\"https:\/\/vicorob.udg.edu\/lescola-politecnica-superior-celebra-avui-el-seu-40e-aniversari\/\" \/>\n<meta property=\"og:locale\" content=\"ca_ES\" \/>\n<meta property=\"og:type\" content=\"article\" \/>\n<meta property=\"og:title\" content=\"L&#039;Escola Polit\u00e8cnica Superior celebra avui el seu 40\u00e8 aniversari - Vicorob\" \/>\n<meta property=\"og:description\" content=\"L&#8217;Escola Polit\u00e8cnica Superior (EPS) de la Universitat de Girona acollir\u00e0 el 18 de febrer l&#8217;acte de commemoraci\u00f3 del 40\u00e8 aniversari dels estudis polit\u00e8cnics a la ciutat. L&#8217;acte, previst a les 6 de la tarda, comptar\u00e0 amb la pres\u00e8ncia del conseller d&#8217;Empresa i Ocupaci\u00f3, Felip Puig; del rector, Sergi Bonet; de l&#8217;alcalde de Girona, Carles Puigdemont;&hellip;&nbsp;L&#8217;Escola Polit\u00e8cnica Superior celebra avui el seu 40\u00e8 aniversari\" \/>\n<meta property=\"og:url\" content=\"https:\/\/vicorob.udg.edu\/lescola-politecnica-superior-celebra-avui-el-seu-40e-aniversari\/\" \/>\n<meta property=\"og:site_name\" content=\"Vicorob\" \/>\n<meta property=\"article:published_time\" content=\"2014-02-18T10:59:24+00:00\" \/>\n<meta property=\"og:image\" content=\"https:\/\/vicorob.udg.edu\/wp-content\/uploads\/2014\/02\/foto-universitat.png\" \/>\n\t<meta property=\"og:image:width\" content=\"1281\" \/>\n\t<meta property=\"og:image:height\" content=\"787\" \/>\n\t<meta property=\"og:image:type\" content=\"image\/png\" \/>\n<meta name=\"author\" content=\"Neorg\" \/>\n<meta name=\"twitter:card\" content=\"summary_large_image\" \/>\n<meta name=\"twitter:label1\" content=\"Escrit per\" \/>\n\t<meta name=\"twitter:data1\" content=\"Neorg\" \/>\n\t<meta name=\"twitter:label2\" content=\"Temps estimat de lectura\" \/>\n\t<meta name=\"twitter:data2\" content=\"1 minut\" \/>\n<script type=\"application\/ld+json\" class=\"yoast-schema-graph\">{\"@context\":\"https:\/\/schema.org\",\"@graph\":[{\"@type\":\"WebPage\",\"@id\":\"https:\/\/vicorob.udg.edu\/lescola-politecnica-superior-celebra-avui-el-seu-40e-aniversari\/\",\"url\":\"https:\/\/vicorob.udg.edu\/lescola-politecnica-superior-celebra-avui-el-seu-40e-aniversari\/\",\"name\":\"L'Escola Polit\u00e8cnica Superior celebra avui el seu 40\u00e8 aniversari - Vicorob\",\"isPartOf\":{\"@id\":\"https:\/\/vicorob.udg.edu\/#website\"},\"primaryImageOfPage\":{\"@id\":\"https:\/\/vicorob.udg.edu\/lescola-politecnica-superior-celebra-avui-el-seu-40e-aniversari\/#primaryimage\"},\"image\":{\"@id\":\"https:\/\/vicorob.udg.edu\/lescola-politecnica-superior-celebra-avui-el-seu-40e-aniversari\/#primaryimage\"},\"thumbnailUrl\":\"https:\/\/vicorob.udg.edu\/wp-content\/uploads\/2014\/02\/foto-universitat.png\",\"datePublished\":\"2014-02-18T10:59:24+00:00\",\"author\":{\"@id\":\"https:\/\/vicorob.udg.edu\/#\/schema\/person\/32b8d8aa5207f27392bf3ec2d7c21ef4\"},\"breadcrumb\":{\"@id\":\"https:\/\/vicorob.udg.edu\/lescola-politecnica-superior-celebra-avui-el-seu-40e-aniversari\/#breadcrumb\"},\"inLanguage\":\"ca\",\"potentialAction\":[{\"@type\":\"ReadAction\",\"target\":[\"https:\/\/vicorob.udg.edu\/lescola-politecnica-superior-celebra-avui-el-seu-40e-aniversari\/\"]}]},{\"@type\":\"ImageObject\",\"inLanguage\":\"ca\",\"@id\":\"https:\/\/vicorob.udg.edu\/lescola-politecnica-superior-celebra-avui-el-seu-40e-aniversari\/#primaryimage\",\"url\":\"https:\/\/vicorob.udg.edu\/wp-content\/uploads\/2014\/02\/foto-universitat.png\",\"contentUrl\":\"https:\/\/vicorob.udg.edu\/wp-content\/uploads\/2014\/02\/foto-universitat.png\",\"width\":1281,\"height\":787,\"caption\":\"foto universitat\"},{\"@type\":\"BreadcrumbList\",\"@id\":\"https:\/\/vicorob.udg.edu\/lescola-politecnica-superior-celebra-avui-el-seu-40e-aniversari\/#breadcrumb\",\"itemListElement\":[{\"@type\":\"ListItem\",\"position\":1,\"name\":\"Home\",\"item\":\"https:\/\/vicorob.udg.edu\/\"},{\"@type\":\"ListItem\",\"position\":2,\"name\":\"L&#8217;Escola Polit\u00e8cnica Superior celebra avui el seu 40\u00e8 aniversari\"}]},{\"@type\":\"WebSite\",\"@id\":\"https:\/\/vicorob.udg.edu\/#website\",\"url\":\"https:\/\/vicorob.udg.edu\/\",\"name\":\"Vicorob\",\"description\":\"Computer Vision and Robotics Research Group\",\"potentialAction\":[{\"@type\":\"SearchAction\",\"target\":{\"@type\":\"EntryPoint\",\"urlTemplate\":\"https:\/\/vicorob.udg.edu\/?s={search_term_string}\"},\"query-input\":{\"@type\":\"PropertyValueSpecification\",\"valueRequired\":true,\"valueName\":\"search_term_string\"}}],\"inLanguage\":\"ca\"},{\"@type\":\"Person\",\"@id\":\"https:\/\/vicorob.udg.edu\/#\/schema\/person\/32b8d8aa5207f27392bf3ec2d7c21ef4\",\"name\":\"Neorg\",\"image\":{\"@type\":\"ImageObject\",\"inLanguage\":\"ca\",\"@id\":\"https:\/\/vicorob.udg.edu\/#\/schema\/person\/image\/\",\"url\":\"https:\/\/secure.gravatar.com\/avatar\/10d8574102d7dcecdce3e72f5dec516c1b8a7e631542b0d0010ab70b945ea708?s=96&d=mm&r=g\",\"contentUrl\":\"https:\/\/secure.gravatar.com\/avatar\/10d8574102d7dcecdce3e72f5dec516c1b8a7e631542b0d0010ab70b945ea708?s=96&d=mm&r=g\",\"caption\":\"Neorg\"},\"sameAs\":[\"https:\/\/vicorob.udg.edu\"],\"url\":\"https:\/\/vicorob.udg.edu\/ca\/author\/neorg_us\/\"}]}<\/script>\n<!-- \/ Yoast SEO plugin. -->","yoast_head_json":{"title":"L'Escola Polit\u00e8cnica Superior celebra avui el seu 40\u00e8 aniversari - Vicorob","robots":{"index":"index","follow":"follow","max-snippet":"max-snippet:-1","max-image-preview":"max-image-preview:large","max-video-preview":"max-video-preview:-1"},"canonical":"https:\/\/vicorob.udg.edu\/lescola-politecnica-superior-celebra-avui-el-seu-40e-aniversari\/","og_locale":"ca_ES","og_type":"article","og_title":"L'Escola Polit\u00e8cnica Superior celebra avui el seu 40\u00e8 aniversari - Vicorob","og_description":"L&#8217;Escola Polit\u00e8cnica Superior (EPS) de la Universitat de Girona acollir\u00e0 el 18 de febrer l&#8217;acte de commemoraci\u00f3 del 40\u00e8 aniversari dels estudis polit\u00e8cnics a la ciutat. L&#8217;acte, previst a les 6 de la tarda, comptar\u00e0 amb la pres\u00e8ncia del conseller d&#8217;Empresa i Ocupaci\u00f3, Felip Puig; del rector, Sergi Bonet; de l&#8217;alcalde de Girona, Carles Puigdemont;&hellip;&nbsp;L&#8217;Escola Polit\u00e8cnica Superior celebra avui el seu 40\u00e8 aniversari","og_url":"https:\/\/vicorob.udg.edu\/lescola-politecnica-superior-celebra-avui-el-seu-40e-aniversari\/","og_site_name":"Vicorob","article_published_time":"2014-02-18T10:59:24+00:00","og_image":[{"width":1281,"height":787,"url":"https:\/\/vicorob.udg.edu\/wp-content\/uploads\/2014\/02\/foto-universitat.png","type":"image\/png"}],"author":"Neorg","twitter_card":"summary_large_image","twitter_misc":{"Escrit per":"Neorg","Temps estimat de lectura":"1 minut"},"schema":{"@context":"https:\/\/schema.org","@graph":[{"@type":"WebPage","@id":"https:\/\/vicorob.udg.edu\/lescola-politecnica-superior-celebra-avui-el-seu-40e-aniversari\/","url":"https:\/\/vicorob.udg.edu\/lescola-politecnica-superior-celebra-avui-el-seu-40e-aniversari\/","name":"L'Escola Polit\u00e8cnica Superior celebra avui el seu 40\u00e8 aniversari - Vicorob","isPartOf":{"@id":"https:\/\/vicorob.udg.edu\/#website"},"primaryImageOfPage":{"@id":"https:\/\/vicorob.udg.edu\/lescola-politecnica-superior-celebra-avui-el-seu-40e-aniversari\/#primaryimage"},"image":{"@id":"https:\/\/vicorob.udg.edu\/lescola-politecnica-superior-celebra-avui-el-seu-40e-aniversari\/#primaryimage"},"thumbnailUrl":"https:\/\/vicorob.udg.edu\/wp-content\/uploads\/2014\/02\/foto-universitat.png","datePublished":"2014-02-18T10:59:24+00:00","author":{"@id":"https:\/\/vicorob.udg.edu\/#\/schema\/person\/32b8d8aa5207f27392bf3ec2d7c21ef4"},"breadcrumb":{"@id":"https:\/\/vicorob.udg.edu\/lescola-politecnica-superior-celebra-avui-el-seu-40e-aniversari\/#breadcrumb"},"inLanguage":"ca","potentialAction":[{"@type":"ReadAction","target":["https:\/\/vicorob.udg.edu\/lescola-politecnica-superior-celebra-avui-el-seu-40e-aniversari\/"]}]},{"@type":"ImageObject","inLanguage":"ca","@id":"https:\/\/vicorob.udg.edu\/lescola-politecnica-superior-celebra-avui-el-seu-40e-aniversari\/#primaryimage","url":"https:\/\/vicorob.udg.edu\/wp-content\/uploads\/2014\/02\/foto-universitat.png","contentUrl":"https:\/\/vicorob.udg.edu\/wp-content\/uploads\/2014\/02\/foto-universitat.png","width":1281,"height":787,"caption":"foto universitat"},{"@type":"BreadcrumbList","@id":"https:\/\/vicorob.udg.edu\/lescola-politecnica-superior-celebra-avui-el-seu-40e-aniversari\/#breadcrumb","itemListElement":[{"@type":"ListItem","position":1,"name":"Home","item":"https:\/\/vicorob.udg.edu\/"},{"@type":"ListItem","position":2,"name":"L&#8217;Escola Polit\u00e8cnica Superior celebra avui el seu 40\u00e8 aniversari"}]},{"@type":"WebSite","@id":"https:\/\/vicorob.udg.edu\/#website","url":"https:\/\/vicorob.udg.edu\/","name":"Vicorob","description":"Computer Vision and Robotics Research Group","potentialAction":[{"@type":"SearchAction","target":{"@type":"EntryPoint","urlTemplate":"https:\/\/vicorob.udg.edu\/?s={search_term_string}"},"query-input":{"@type":"PropertyValueSpecification","valueRequired":true,"valueName":"search_term_string"}}],"inLanguage":"ca"},{"@type":"Person","@id":"https:\/\/vicorob.udg.edu\/#\/schema\/person\/32b8d8aa5207f27392bf3ec2d7c21ef4","name":"Neorg","image":{"@type":"ImageObject","inLanguage":"ca","@id":"https:\/\/vicorob.udg.edu\/#\/schema\/person\/image\/","url":"https:\/\/secure.gravatar.com\/avatar\/10d8574102d7dcecdce3e72f5dec516c1b8a7e631542b0d0010ab70b945ea708?s=96&d=mm&r=g","contentUrl":"https:\/\/secure.gravatar.com\/avatar\/10d8574102d7dcecdce3e72f5dec516c1b8a7e631542b0d0010ab70b945ea708?s=96&d=mm&r=g","caption":"Neorg"},"sameAs":["https:\/\/vicorob.udg.edu"],"url":"https:\/\/vicorob.udg.edu\/ca\/author\/neorg_us\/"}]}},"_links":{"self":[{"href":"https:\/\/vicorob.udg.edu\/ca\/wp-json\/wp\/v2\/posts\/2053","targetHints":{"allow":["GET"]}}],"collection":[{"href":"https:\/\/vicorob.udg.edu\/ca\/wp-json\/wp\/v2\/posts"}],"about":[{"href":"https:\/\/vicorob.udg.edu\/ca\/wp-json\/wp\/v2\/types\/post"}],"author":[{"embeddable":true,"href":"https:\/\/vicorob.udg.edu\/ca\/wp-json\/wp\/v2\/users\/1"}],"replies":[{"embeddable":true,"href":"https:\/\/vicorob.udg.edu\/ca\/wp-json\/wp\/v2\/comments?post=2053"}],"version-history":[{"count":0,"href":"https:\/\/vicorob.udg.edu\/ca\/wp-json\/wp\/v2\/posts\/2053\/revisions"}],"wp:featuredmedia":[{"embeddable":true,"href":"https:\/\/vicorob.udg.edu\/ca\/wp-json\/wp\/v2\/media\/9106"}],"wp:attachment":[{"href":"https:\/\/vicorob.udg.edu\/ca\/wp-json\/wp\/v2\/media?parent=2053"}],"wp:term":[{"taxonomy":"category","embeddable":true,"href":"https:\/\/vicorob.udg.edu\/ca\/wp-json\/wp\/v2\/categories?post=2053"},{"taxonomy":"post_tag","embeddable":true,"href":"https:\/\/vicorob.udg.edu\/ca\/wp-json\/wp\/v2\/tags?post=2053"}],"curies":[{"name":"wp","href":"https:\/\/api.w.org\/{rel}","templated":true}]}}