{"id":5978,"date":"2017-05-22T09:43:38","date_gmt":"2017-05-22T08:43:38","guid":{"rendered":"http:\/\/vicorob.udg.edu\/?p=5978"},"modified":"2017-05-22T09:43:38","modified_gmt":"2017-05-22T08:43:38","slug":"girona-acull-la-quarta-edicio-del-congres-de-robotica-submarina-emra","status":"publish","type":"post","link":"https:\/\/vicorob.udg.edu\/ca\/girona-acull-la-quarta-edicio-del-congres-de-robotica-submarina-emra\/","title":{"rendered":"Girona acull la quarta edici\u00f3 del Congr\u00e9s de Robotica Submarina EMRA"},"content":{"rendered":"<p><strong>Els passats dies 15 i 16 de Maig de 2017 va tenir lloc la confer\u00e8ncia <a href=\"http:\/\/www.marinerobotics.eu\" target=\"_blank\" rel=\"noopener\">EMRA<\/a> (4th Workshop on EU-funded Marine Robotics and Applications) al <a href=\"http:\/\/parcudg.com\/\" target=\"_blank\" rel=\"noopener\">Parc Cient\u00edfic i Tecnol\u00f2gic de la Universitat de Girona<\/a>. L\u2019objectiu de l\u2019esdeveniment \u00e9s la posta en com\u00fa dels resultats dels projectes europeus que han estat finan\u00e7ats per la Comissi\u00f3 Europea dins la comunitat cient\u00edfica i la comunitat empresarial, fomentant la creaci\u00f3 de xarxes de col\u00b7laboraci\u00f3 i, sobretot, esperant la creaci\u00f3 de sin\u00e8rgies per a nous projectes. <\/strong><\/p>\n<p>&nbsp;<\/p>\n<p>L\u2019esdeveniment, que fou organitzat per l\u2019Institut de Recerca ViCOROB de la Universitat de Girona conjuntament amb la <a href=\"http:\/\/www.unizg.hr\/homepage\/\" target=\"_blank\" rel=\"noopener\">Universitat de Zagreb <\/a>i l\u2019<a href=\"http:\/\/www.inesctec.pt\/\" target=\"_blank\" rel=\"noopener\">institut de recerca INESC TEC de Porto<\/a>, ha estat realitzat dins el marc de dos projectes europeus en col\u00b7laboraci\u00f3. A Girona s\u2019hi han reunit un total de 93 persones, i m\u00e9s de 25 persones han fet seguiment online de l\u2019esdeveniment.<\/p>\n<p>&nbsp;<\/p>\n<p>A la confer\u00e8ncia es van fer un total de 22 pon\u00e8ncies divulgatives relacionades amb les tecnologies marines utilitzades en tem\u00e0tiques com: oceanografia, rob\u00f2tica i vehicles submarins, sensors, visi\u00f3 submarina, instrumentaci\u00f3, biologia marina, mineria, seguretat,&#8230; finan\u00e7ades a trav\u00e9s de fons europeus de diferents tipologies. Aquesta iniciativa s\u2019emmarca dins una filosofia que s\u2019est\u00e0 impulsant des de la Comissi\u00f3 Europea per la qual la comunicaci\u00f3 i el foment del networking sigui una tasca m\u00e9s dins els projectes de recerca i innovaci\u00f3.<\/p>\n<p>&nbsp;<\/p>\n<p>Al llarg dels dos dies tamb\u00e9 hi van haver dues conferencies plen\u00e0ries convidades, una d\u2019IFREMER (un centre de recerca franc\u00e8s referent a nivell internacional) i de l\u2019empresa SeeByte amb seu al Regne Unit, un exemple de spin off que s\u2019ha consolidat fins a ser venuda a un dels principals actors dins el mercat de la rob\u00f2tica submarina.<\/p>\n<p>&nbsp;<\/p>\n<p>Les tecnologies i aplicacions catalanes hi han estat presents dins de les presentacions de les empreses: Ictineu Submarins, Tecnoambiente i la pr\u00f2pia Universitat de Girona.<\/p>\n<p>&nbsp;<\/p>\n<p>Dins el programa de la confer\u00e8ncia, tamb\u00e9 hi va haver una visita\/demostraci\u00f3 al Centre d\u2019Investigaci\u00f3 en Rob\u00f2tica Submarina del mateix Parc Cient\u00edfic i Tecnol\u00f2gic on es van presentar les tecnologies desenvolupades per ViCOROB en els darrers anys.<\/p>\n","protected":false},"excerpt":{"rendered":"<p>Els passats dies 15 i 16 de Maig de 2017 va tenir lloc la confer\u00e8ncia EMRA (4th Workshop on EU-funded Marine Robotics and Applications) al Parc Cient\u00edfic i Tecnol\u00f2gic de la Universitat de Girona. L\u2019objectiu de l\u2019esdeveniment \u00e9s la posta en com\u00fa dels resultats dels projectes europeus que han estat finan\u00e7ats per la Comissi\u00f3 Europea&hellip;&nbsp;<a href=\"https:\/\/vicorob.udg.edu\/ca\/girona-acull-la-quarta-edicio-del-congres-de-robotica-submarina-emra\/\" rel=\"bookmark\"><span class=\"screen-reader-text\">Girona acull la quarta edici\u00f3 del Congr\u00e9s de Robotica Submarina EMRA<\/span><\/a><\/p>\n","protected":false},"author":1,"featured_media":5981,"comment_status":"open","ping_status":"open","sticky":false,"template":"","format":"standard","meta":{"_acf_changed":false,"neve_meta_sidebar":"","neve_meta_container":"","neve_meta_enable_content_width":"","neve_meta_content_width":0,"neve_meta_title_alignment":"","neve_meta_author_avatar":"","neve_post_elements_order":"","neve_meta_disable_header":"","neve_meta_disable_footer":"","neve_meta_disable_title":"","footnotes":""},"categories":[14],"tags":[20,107,29,166],"class_list":["post-5978","post","type-post","status-publish","format-standard","has-post-thumbnail","hentry","category-uw-robotics","tag-auv","tag-eu","tag-marine","tag-workshop"],"acf":[],"yoast_head":"<!-- This site is optimized with the Yoast SEO plugin v25.9 - https:\/\/yoast.com\/wordpress\/plugins\/seo\/ -->\n<title>Girona acull la quarta edici\u00f3 del Congr\u00e9s de Robotica Submarina EMRA - Vicorob<\/title>\n<meta name=\"robots\" content=\"index, follow, max-snippet:-1, max-image-preview:large, max-video-preview:-1\" \/>\n<link rel=\"canonical\" href=\"https:\/\/vicorob.udg.edu\/girona-acull-la-quarta-edicio-del-congres-de-robotica-submarina-emra\/\" \/>\n<meta property=\"og:locale\" content=\"ca_ES\" \/>\n<meta property=\"og:type\" content=\"article\" \/>\n<meta property=\"og:title\" content=\"Girona acull la quarta edici\u00f3 del Congr\u00e9s de Robotica Submarina EMRA - Vicorob\" \/>\n<meta property=\"og:description\" content=\"Els passats dies 15 i 16 de Maig de 2017 va tenir lloc la confer\u00e8ncia EMRA (4th Workshop on EU-funded Marine Robotics and Applications) al Parc Cient\u00edfic i Tecnol\u00f2gic de la Universitat de Girona. L\u2019objectiu de l\u2019esdeveniment \u00e9s la posta en com\u00fa dels resultats dels projectes europeus que han estat finan\u00e7ats per la Comissi\u00f3 Europea&hellip;&nbsp;Girona acull la quarta edici\u00f3 del Congr\u00e9s de Robotica Submarina EMRA\" \/>\n<meta property=\"og:url\" content=\"https:\/\/vicorob.udg.edu\/girona-acull-la-quarta-edicio-del-congres-de-robotica-submarina-emra\/\" \/>\n<meta property=\"og:site_name\" content=\"Vicorob\" \/>\n<meta property=\"article:published_time\" content=\"2017-05-22T08:43:38+00:00\" \/>\n<meta property=\"og:image\" content=\"https:\/\/vicorob.udg.edu\/wp-content\/uploads\/2017\/05\/emra-team-.jpg\" \/>\n\t<meta property=\"og:image:width\" content=\"785\" \/>\n\t<meta property=\"og:image:height\" content=\"442\" \/>\n\t<meta property=\"og:image:type\" content=\"image\/jpeg\" \/>\n<meta name=\"author\" content=\"Neorg\" \/>\n<meta name=\"twitter:card\" content=\"summary_large_image\" \/>\n<meta name=\"twitter:label1\" content=\"Escrit per\" \/>\n\t<meta name=\"twitter:data1\" content=\"Neorg\" \/>\n\t<meta name=\"twitter:label2\" content=\"Temps estimat de lectura\" \/>\n\t<meta name=\"twitter:data2\" content=\"2 minuts\" \/>\n<script type=\"application\/ld+json\" class=\"yoast-schema-graph\">{\"@context\":\"https:\/\/schema.org\",\"@graph\":[{\"@type\":\"WebPage\",\"@id\":\"https:\/\/vicorob.udg.edu\/girona-acull-la-quarta-edicio-del-congres-de-robotica-submarina-emra\/\",\"url\":\"https:\/\/vicorob.udg.edu\/girona-acull-la-quarta-edicio-del-congres-de-robotica-submarina-emra\/\",\"name\":\"Girona acull la quarta edici\u00f3 del Congr\u00e9s de Robotica Submarina EMRA - Vicorob\",\"isPartOf\":{\"@id\":\"https:\/\/vicorob.udg.edu\/#website\"},\"primaryImageOfPage\":{\"@id\":\"https:\/\/vicorob.udg.edu\/girona-acull-la-quarta-edicio-del-congres-de-robotica-submarina-emra\/#primaryimage\"},\"image\":{\"@id\":\"https:\/\/vicorob.udg.edu\/girona-acull-la-quarta-edicio-del-congres-de-robotica-submarina-emra\/#primaryimage\"},\"thumbnailUrl\":\"https:\/\/vicorob.udg.edu\/wp-content\/uploads\/2017\/05\/emra-team-.jpg\",\"datePublished\":\"2017-05-22T08:43:38+00:00\",\"author\":{\"@id\":\"https:\/\/vicorob.udg.edu\/#\/schema\/person\/32b8d8aa5207f27392bf3ec2d7c21ef4\"},\"breadcrumb\":{\"@id\":\"https:\/\/vicorob.udg.edu\/girona-acull-la-quarta-edicio-del-congres-de-robotica-submarina-emra\/#breadcrumb\"},\"inLanguage\":\"ca\",\"potentialAction\":[{\"@type\":\"ReadAction\",\"target\":[\"https:\/\/vicorob.udg.edu\/girona-acull-la-quarta-edicio-del-congres-de-robotica-submarina-emra\/\"]}]},{\"@type\":\"ImageObject\",\"inLanguage\":\"ca\",\"@id\":\"https:\/\/vicorob.udg.edu\/girona-acull-la-quarta-edicio-del-congres-de-robotica-submarina-emra\/#primaryimage\",\"url\":\"https:\/\/vicorob.udg.edu\/wp-content\/uploads\/2017\/05\/emra-team-.jpg\",\"contentUrl\":\"https:\/\/vicorob.udg.edu\/wp-content\/uploads\/2017\/05\/emra-team-.jpg\",\"width\":785,\"height\":442},{\"@type\":\"BreadcrumbList\",\"@id\":\"https:\/\/vicorob.udg.edu\/girona-acull-la-quarta-edicio-del-congres-de-robotica-submarina-emra\/#breadcrumb\",\"itemListElement\":[{\"@type\":\"ListItem\",\"position\":1,\"name\":\"Home\",\"item\":\"https:\/\/vicorob.udg.edu\/\"},{\"@type\":\"ListItem\",\"position\":2,\"name\":\"Girona acull la quarta edici\u00f3 del Congr\u00e9s de Robotica Submarina EMRA\"}]},{\"@type\":\"WebSite\",\"@id\":\"https:\/\/vicorob.udg.edu\/#website\",\"url\":\"https:\/\/vicorob.udg.edu\/\",\"name\":\"Vicorob\",\"description\":\"Computer Vision and Robotics Research Group\",\"potentialAction\":[{\"@type\":\"SearchAction\",\"target\":{\"@type\":\"EntryPoint\",\"urlTemplate\":\"https:\/\/vicorob.udg.edu\/?s={search_term_string}\"},\"query-input\":{\"@type\":\"PropertyValueSpecification\",\"valueRequired\":true,\"valueName\":\"search_term_string\"}}],\"inLanguage\":\"ca\"},{\"@type\":\"Person\",\"@id\":\"https:\/\/vicorob.udg.edu\/#\/schema\/person\/32b8d8aa5207f27392bf3ec2d7c21ef4\",\"name\":\"Neorg\",\"image\":{\"@type\":\"ImageObject\",\"inLanguage\":\"ca\",\"@id\":\"https:\/\/vicorob.udg.edu\/#\/schema\/person\/image\/\",\"url\":\"https:\/\/secure.gravatar.com\/avatar\/10d8574102d7dcecdce3e72f5dec516c1b8a7e631542b0d0010ab70b945ea708?s=96&d=mm&r=g\",\"contentUrl\":\"https:\/\/secure.gravatar.com\/avatar\/10d8574102d7dcecdce3e72f5dec516c1b8a7e631542b0d0010ab70b945ea708?s=96&d=mm&r=g\",\"caption\":\"Neorg\"},\"sameAs\":[\"https:\/\/vicorob.udg.edu\"],\"url\":\"https:\/\/vicorob.udg.edu\/ca\/author\/neorg_us\/\"}]}<\/script>\n<!-- \/ Yoast SEO plugin. -->","yoast_head_json":{"title":"Girona acull la quarta edici\u00f3 del Congr\u00e9s de Robotica Submarina EMRA - Vicorob","robots":{"index":"index","follow":"follow","max-snippet":"max-snippet:-1","max-image-preview":"max-image-preview:large","max-video-preview":"max-video-preview:-1"},"canonical":"https:\/\/vicorob.udg.edu\/girona-acull-la-quarta-edicio-del-congres-de-robotica-submarina-emra\/","og_locale":"ca_ES","og_type":"article","og_title":"Girona acull la quarta edici\u00f3 del Congr\u00e9s de Robotica Submarina EMRA - Vicorob","og_description":"Els passats dies 15 i 16 de Maig de 2017 va tenir lloc la confer\u00e8ncia EMRA (4th Workshop on EU-funded Marine Robotics and Applications) al Parc Cient\u00edfic i Tecnol\u00f2gic de la Universitat de Girona. L\u2019objectiu de l\u2019esdeveniment \u00e9s la posta en com\u00fa dels resultats dels projectes europeus que han estat finan\u00e7ats per la Comissi\u00f3 Europea&hellip;&nbsp;Girona acull la quarta edici\u00f3 del Congr\u00e9s de Robotica Submarina EMRA","og_url":"https:\/\/vicorob.udg.edu\/girona-acull-la-quarta-edicio-del-congres-de-robotica-submarina-emra\/","og_site_name":"Vicorob","article_published_time":"2017-05-22T08:43:38+00:00","og_image":[{"width":785,"height":442,"url":"https:\/\/vicorob.udg.edu\/wp-content\/uploads\/2017\/05\/emra-team-.jpg","type":"image\/jpeg"}],"author":"Neorg","twitter_card":"summary_large_image","twitter_misc":{"Escrit per":"Neorg","Temps estimat de lectura":"2 minuts"},"schema":{"@context":"https:\/\/schema.org","@graph":[{"@type":"WebPage","@id":"https:\/\/vicorob.udg.edu\/girona-acull-la-quarta-edicio-del-congres-de-robotica-submarina-emra\/","url":"https:\/\/vicorob.udg.edu\/girona-acull-la-quarta-edicio-del-congres-de-robotica-submarina-emra\/","name":"Girona acull la quarta edici\u00f3 del Congr\u00e9s de Robotica Submarina EMRA - Vicorob","isPartOf":{"@id":"https:\/\/vicorob.udg.edu\/#website"},"primaryImageOfPage":{"@id":"https:\/\/vicorob.udg.edu\/girona-acull-la-quarta-edicio-del-congres-de-robotica-submarina-emra\/#primaryimage"},"image":{"@id":"https:\/\/vicorob.udg.edu\/girona-acull-la-quarta-edicio-del-congres-de-robotica-submarina-emra\/#primaryimage"},"thumbnailUrl":"https:\/\/vicorob.udg.edu\/wp-content\/uploads\/2017\/05\/emra-team-.jpg","datePublished":"2017-05-22T08:43:38+00:00","author":{"@id":"https:\/\/vicorob.udg.edu\/#\/schema\/person\/32b8d8aa5207f27392bf3ec2d7c21ef4"},"breadcrumb":{"@id":"https:\/\/vicorob.udg.edu\/girona-acull-la-quarta-edicio-del-congres-de-robotica-submarina-emra\/#breadcrumb"},"inLanguage":"ca","potentialAction":[{"@type":"ReadAction","target":["https:\/\/vicorob.udg.edu\/girona-acull-la-quarta-edicio-del-congres-de-robotica-submarina-emra\/"]}]},{"@type":"ImageObject","inLanguage":"ca","@id":"https:\/\/vicorob.udg.edu\/girona-acull-la-quarta-edicio-del-congres-de-robotica-submarina-emra\/#primaryimage","url":"https:\/\/vicorob.udg.edu\/wp-content\/uploads\/2017\/05\/emra-team-.jpg","contentUrl":"https:\/\/vicorob.udg.edu\/wp-content\/uploads\/2017\/05\/emra-team-.jpg","width":785,"height":442},{"@type":"BreadcrumbList","@id":"https:\/\/vicorob.udg.edu\/girona-acull-la-quarta-edicio-del-congres-de-robotica-submarina-emra\/#breadcrumb","itemListElement":[{"@type":"ListItem","position":1,"name":"Home","item":"https:\/\/vicorob.udg.edu\/"},{"@type":"ListItem","position":2,"name":"Girona acull la quarta edici\u00f3 del Congr\u00e9s de Robotica Submarina EMRA"}]},{"@type":"WebSite","@id":"https:\/\/vicorob.udg.edu\/#website","url":"https:\/\/vicorob.udg.edu\/","name":"Vicorob","description":"Computer Vision and Robotics Research Group","potentialAction":[{"@type":"SearchAction","target":{"@type":"EntryPoint","urlTemplate":"https:\/\/vicorob.udg.edu\/?s={search_term_string}"},"query-input":{"@type":"PropertyValueSpecification","valueRequired":true,"valueName":"search_term_string"}}],"inLanguage":"ca"},{"@type":"Person","@id":"https:\/\/vicorob.udg.edu\/#\/schema\/person\/32b8d8aa5207f27392bf3ec2d7c21ef4","name":"Neorg","image":{"@type":"ImageObject","inLanguage":"ca","@id":"https:\/\/vicorob.udg.edu\/#\/schema\/person\/image\/","url":"https:\/\/secure.gravatar.com\/avatar\/10d8574102d7dcecdce3e72f5dec516c1b8a7e631542b0d0010ab70b945ea708?s=96&d=mm&r=g","contentUrl":"https:\/\/secure.gravatar.com\/avatar\/10d8574102d7dcecdce3e72f5dec516c1b8a7e631542b0d0010ab70b945ea708?s=96&d=mm&r=g","caption":"Neorg"},"sameAs":["https:\/\/vicorob.udg.edu"],"url":"https:\/\/vicorob.udg.edu\/ca\/author\/neorg_us\/"}]}},"_links":{"self":[{"href":"https:\/\/vicorob.udg.edu\/ca\/wp-json\/wp\/v2\/posts\/5978","targetHints":{"allow":["GET"]}}],"collection":[{"href":"https:\/\/vicorob.udg.edu\/ca\/wp-json\/wp\/v2\/posts"}],"about":[{"href":"https:\/\/vicorob.udg.edu\/ca\/wp-json\/wp\/v2\/types\/post"}],"author":[{"embeddable":true,"href":"https:\/\/vicorob.udg.edu\/ca\/wp-json\/wp\/v2\/users\/1"}],"replies":[{"embeddable":true,"href":"https:\/\/vicorob.udg.edu\/ca\/wp-json\/wp\/v2\/comments?post=5978"}],"version-history":[{"count":0,"href":"https:\/\/vicorob.udg.edu\/ca\/wp-json\/wp\/v2\/posts\/5978\/revisions"}],"wp:featuredmedia":[{"embeddable":true,"href":"https:\/\/vicorob.udg.edu\/ca\/wp-json\/wp\/v2\/media\/5981"}],"wp:attachment":[{"href":"https:\/\/vicorob.udg.edu\/ca\/wp-json\/wp\/v2\/media?parent=5978"}],"wp:term":[{"taxonomy":"category","embeddable":true,"href":"https:\/\/vicorob.udg.edu\/ca\/wp-json\/wp\/v2\/categories?post=5978"},{"taxonomy":"post_tag","embeddable":true,"href":"https:\/\/vicorob.udg.edu\/ca\/wp-json\/wp\/v2\/tags?post=5978"}],"curies":[{"name":"wp","href":"https:\/\/api.w.org\/{rel}","templated":true}]}}